{"id":9666,"date":"2026-04-24T21:00:00","date_gmt":"2026-04-24T19:00:00","guid":{"rendered":"https:\/\/santamariadelmar.es\/?p=9666"},"modified":"2026-04-29T09:22:29","modified_gmt":"2026-04-29T07:22:29","slug":"curso-de-actualizacion-da-lingua-galega","status":"publish","type":"post","link":"https:\/\/santamariadelmar.es\/gl\/curso-de-actualizacion-da-lingua-galega\/","title":{"rendered":"Curso de Actualizaci\u00f3n da Lingua Galega"},"content":{"rendered":"<p>Hoxe tivemos no colexio o curso de Actualizaci\u00f3n da Lingua Galega \u00e1 cargo de Vicente Feijoo Ares, coordinador da Unidade T\u00e9cnica de Toponimia da RAG para o profesorado da rede de Escolas Cat\u00f3licas. No curso encontr\u00e1ronse docentes desde Educaci\u00f3n Infantil ata Bacharelato, dos colexios da Coru\u00f1a, Oleiros ou Pontedeume, que actualizaron e ampliaron o seu co\u00f1ecemento no noso idioma ao tempo que partillaron e intercambiaron experiencias.<\/p>","protected":false},"excerpt":{"rendered":"<p>Hoxe tivemos no colexio o curso de Actualizaci\u00f3n da Lingua Galega \u00e1 cargo de Vicente Feijoo Ares, coordinador da Unidade T\u00e9cnica de Toponimia da RAG para o profesorado da rede [&hellip;]<\/p>\n","protected":false},"author":2,"featured_media":9667,"comment_status":"closed","ping_status":"closed","sticky":false,"template":"","format":"standard","meta":{"_EventAllDay":false,"_EventTimezone":"","_EventStartDate":"","_EventEndDate":"","_EventStartDateUTC":"","_EventEndDateUTC":"","_EventShowMap":false,"_EventShowMapLink":false,"_EventURL":"","_EventCost":"","_EventCostDescription":"","_EventCurrencySymbol":"","_EventCurrencyCode":"","_EventCurrencyPosition":"","_EventDateTimeSeparator":"","_EventTimeRangeSeparator":"","_EventOrganizerID":[],"_EventVenueID":[],"_OrganizerEmail":"","_OrganizerPhone":"","_OrganizerWebsite":"","_VenueAddress":"","_VenueCity":"","_VenueCountry":"","_VenueProvince":"","_VenueState":"","_VenueZip":"","_VenuePhone":"","_VenueURL":"","_VenueStateProvince":"","_VenueLat":"","_VenueLng":"","_VenueShowMap":false,"_VenueShowMapLink":false,"footnotes":""},"categories":[6],"tags":[],"class_list":["post-9666","post","type-post","status-publish","format-standard","has-post-thumbnail","hentry","category-destacadas"],"publishpress_future_workflow_manual_trigger":{"enabledWorkflows":[]},"_links":{"self":[{"href":"https:\/\/santamariadelmar.es\/gl\/wp-json\/wp\/v2\/posts\/9666","targetHints":{"allow":["GET"]}}],"collection":[{"href":"https:\/\/santamariadelmar.es\/gl\/wp-json\/wp\/v2\/posts"}],"about":[{"href":"https:\/\/santamariadelmar.es\/gl\/wp-json\/wp\/v2\/types\/post"}],"author":[{"embeddable":true,"href":"https:\/\/santamariadelmar.es\/gl\/wp-json\/wp\/v2\/users\/2"}],"replies":[{"embeddable":true,"href":"https:\/\/santamariadelmar.es\/gl\/wp-json\/wp\/v2\/comments?post=9666"}],"version-history":[{"count":1,"href":"https:\/\/santamariadelmar.es\/gl\/wp-json\/wp\/v2\/posts\/9666\/revisions"}],"predecessor-version":[{"id":9668,"href":"https:\/\/santamariadelmar.es\/gl\/wp-json\/wp\/v2\/posts\/9666\/revisions\/9668"}],"wp:featuredmedia":[{"embeddable":true,"href":"https:\/\/santamariadelmar.es\/gl\/wp-json\/wp\/v2\/media\/9667"}],"wp:attachment":[{"href":"https:\/\/santamariadelmar.es\/gl\/wp-json\/wp\/v2\/media?parent=9666"}],"wp:term":[{"taxonomy":"category","embeddable":true,"href":"https:\/\/santamariadelmar.es\/gl\/wp-json\/wp\/v2\/categories?post=9666"},{"taxonomy":"post_tag","embeddable":true,"href":"https:\/\/santamariadelmar.es\/gl\/wp-json\/wp\/v2\/tags?post=9666"}],"curies":[{"name":"wp","href":"https:\/\/api.w.org\/{rel}","templated":true}]}}