{"id":9650,"date":"2026-04-28T13:47:05","date_gmt":"2026-04-28T11:47:05","guid":{"rendered":"https:\/\/santamariadelmar.es\/?p=9650"},"modified":"2026-04-28T13:57:26","modified_gmt":"2026-04-28T11:57:26","slug":"somos-noticia","status":"publish","type":"post","link":"https:\/\/santamariadelmar.es\/gl\/somos-noticia\/","title":{"rendered":"\u00a1\u00a1Somos noticia!!"},"content":{"rendered":"<p>\u00a1\u00a1Salimos en prensa con nuestros dos proyectos de Voz Natura!!<br>Son unos proyectos interesant\u00edsimos a todos los niveles, especialmente por el cuidado de la Casa Com\u00fan y por la vivencia de la Ciudadan\u00eda Global, dos de nuestros m\u00e1s importantes identificadores como colegio de la Compa\u00f1\u00eda de Jes\u00fas. <\/p>\n\n\n\n<div class=\"wp-block-buttons is-content-justification-center is-layout-flex wp-container-core-buttons-is-layout-a89b3969 wp-block-buttons-is-layout-flex\">\n<div class=\"wp-block-button\"><a class=\"wp-block-button__link has-background wp-element-button\" href=\"https:\/\/www.lavozdegalicia.es\/noticia\/coruna\/2026\/03\/23\/mejor-fisica-quimica-estudiara-matematicas\/00031774287395060731440.htm\" style=\"background-color:#d13e4b\">Art\u00edculo en La Voz de Galicia<\/a><\/div>\n\n\n\n<div class=\"wp-block-button\"><a class=\"wp-block-button__link has-background wp-element-button\" href=\"https:\/\/toribio.csmm.es\/somos-noticia\/\" style=\"background-color:#577d29\">Entrada en El Huerto de Toribio<\/a><\/div>\n<\/div>\n\n\n\n<p><\/p>","protected":false},"excerpt":{"rendered":"<p>\u00a1\u00a1Salimos en prensa con nuestros dos proyectos de Voz Natura!!Son unos proyectos interesant\u00edsimos a todos los niveles, especialmente por el cuidado de la Casa Com\u00fan y por la vivencia de [&hellip;]<\/p>\n","protected":false},"author":2,"featured_media":9651,"comment_status":"closed","ping_status":"closed","sticky":false,"template":"","format":"standard","meta":{"_EventAllDay":false,"_EventTimezone":"","_EventStartDate":"","_EventEndDate":"","_EventStartDateUTC":"","_EventEndDateUTC":"","_EventShowMap":false,"_EventShowMapLink":false,"_EventURL":"","_EventCost":"","_EventCostDescription":"","_EventCurrencySymbol":"","_EventCurrencyCode":"","_EventCurrencyPosition":"","_EventDateTimeSeparator":"","_EventTimeRangeSeparator":"","_EventOrganizerID":[],"_EventVenueID":[],"_OrganizerEmail":"","_OrganizerPhone":"","_OrganizerWebsite":"","_VenueAddress":"","_VenueCity":"","_VenueCountry":"","_VenueProvince":"","_VenueState":"","_VenueZip":"","_VenuePhone":"","_VenueURL":"","_VenueStateProvince":"","_VenueLat":"","_VenueLng":"","_VenueShowMap":false,"_VenueShowMapLink":false,"footnotes":""},"categories":[64,65,6,8,9,26],"tags":[],"class_list":["post-9650","post","type-post","status-publish","format-standard","has-post-thumbnail","hentry","category-3-ciudadania-global","category-4-cuidado-de-la-creacion","category-destacadas","category-infantil","category-primaria","category-voluntariado"],"publishpress_future_workflow_manual_trigger":{"enabledWorkflows":[]},"_links":{"self":[{"href":"https:\/\/santamariadelmar.es\/gl\/wp-json\/wp\/v2\/posts\/9650","targetHints":{"allow":["GET"]}}],"collection":[{"href":"https:\/\/santamariadelmar.es\/gl\/wp-json\/wp\/v2\/posts"}],"about":[{"href":"https:\/\/santamariadelmar.es\/gl\/wp-json\/wp\/v2\/types\/post"}],"author":[{"embeddable":true,"href":"https:\/\/santamariadelmar.es\/gl\/wp-json\/wp\/v2\/users\/2"}],"replies":[{"embeddable":true,"href":"https:\/\/santamariadelmar.es\/gl\/wp-json\/wp\/v2\/comments?post=9650"}],"version-history":[{"count":4,"href":"https:\/\/santamariadelmar.es\/gl\/wp-json\/wp\/v2\/posts\/9650\/revisions"}],"predecessor-version":[{"id":9662,"href":"https:\/\/santamariadelmar.es\/gl\/wp-json\/wp\/v2\/posts\/9650\/revisions\/9662"}],"wp:featuredmedia":[{"embeddable":true,"href":"https:\/\/santamariadelmar.es\/gl\/wp-json\/wp\/v2\/media\/9651"}],"wp:attachment":[{"href":"https:\/\/santamariadelmar.es\/gl\/wp-json\/wp\/v2\/media?parent=9650"}],"wp:term":[{"taxonomy":"category","embeddable":true,"href":"https:\/\/santamariadelmar.es\/gl\/wp-json\/wp\/v2\/categories?post=9650"},{"taxonomy":"post_tag","embeddable":true,"href":"https:\/\/santamariadelmar.es\/gl\/wp-json\/wp\/v2\/tags?post=9650"}],"curies":[{"name":"wp","href":"https:\/\/api.w.org\/{rel}","templated":true}]}}