{"id":9255,"date":"2026-03-11T15:30:00","date_gmt":"2026-03-11T14:30:00","guid":{"rendered":"https:\/\/santamariadelmar.es\/?p=9255"},"modified":"2026-03-27T10:10:55","modified_gmt":"2026-03-27T09:10:55","slug":"oro-en-la-olimpiada-de-fisica","status":"publish","type":"post","link":"https:\/\/santamariadelmar.es\/gl\/oro-en-la-olimpiada-de-fisica\/","title":{"rendered":"Oro en la Olimpiada de F\u00edsica"},"content":{"rendered":"<p>Clara Montero Mart\u00ednez, alumna de F\u00edsica de 2\u00ba de bachillerato del Colegio Santa Mar\u00eda del Mar, se ha clasificado en PRIMER lugar para representar a la Universidade da Coru\u00f1a en la Fase Nacional que se celebrar\u00e1 en Zaragoza del 10 al 13 de abril. \u00a1Enhorabuena por este magn\u00edfico logro!<\/p>\n\n\n\n<div class=\"wp-block-buttons is-content-justification-center is-layout-flex wp-container-core-buttons-is-layout-a89b3969 wp-block-buttons-is-layout-flex\">\n<div class=\"wp-block-button\"><a class=\"wp-block-button__link has-background wp-element-button\" href=\"https:\/\/www.lavozdegalicia.es\/noticia\/coruna\/2026\/03\/11\/mejores-fisica\/00031773259746761464829.htm\" style=\"background-color:#d13e4b\">Art\u00edculo en La Voz de Galicia<\/a><\/div>\n<\/div>\n\n\n\n<p><\/p>","protected":false},"excerpt":{"rendered":"<p>Clara Montero Mart\u00ednez, alumna de F\u00edsica de 2\u00ba de bachillerato del Colegio Santa Mar\u00eda del Mar, se ha clasificado en PRIMER lugar para representar a la Universidade da Coru\u00f1a en [&hellip;]<\/p>\n","protected":false},"author":2,"featured_media":9257,"comment_status":"closed","ping_status":"closed","sticky":false,"template":"","format":"standard","meta":{"_EventAllDay":false,"_EventTimezone":"","_EventStartDate":"","_EventEndDate":"","_EventStartDateUTC":"","_EventEndDateUTC":"","_EventShowMap":false,"_EventShowMapLink":false,"_EventURL":"","_EventCost":"","_EventCostDescription":"","_EventCurrencySymbol":"","_EventCurrencyCode":"","_EventCurrencyPosition":"","_EventDateTimeSeparator":"","_EventTimeRangeSeparator":"","_EventOrganizerID":[],"_EventVenueID":[],"_OrganizerEmail":"","_OrganizerPhone":"","_OrganizerWebsite":"","_VenueAddress":"","_VenueCity":"","_VenueCountry":"","_VenueProvince":"","_VenueState":"","_VenueZip":"","_VenuePhone":"","_VenueURL":"","_VenueStateProvince":"","_VenueLat":"","_VenueLng":"","_VenueShowMap":false,"_VenueShowMapLink":false,"footnotes":""},"categories":[71,11,6,70],"tags":[],"class_list":["post-9255","post","type-post","status-publish","format-standard","has-post-thumbnail","hentry","category-10-aprendizaje-de-por-vida","category-bachillerato","category-destacadas","category-9-excelencia-humana"],"publishpress_future_workflow_manual_trigger":{"enabledWorkflows":[]},"_links":{"self":[{"href":"https:\/\/santamariadelmar.es\/gl\/wp-json\/wp\/v2\/posts\/9255","targetHints":{"allow":["GET"]}}],"collection":[{"href":"https:\/\/santamariadelmar.es\/gl\/wp-json\/wp\/v2\/posts"}],"about":[{"href":"https:\/\/santamariadelmar.es\/gl\/wp-json\/wp\/v2\/types\/post"}],"author":[{"embeddable":true,"href":"https:\/\/santamariadelmar.es\/gl\/wp-json\/wp\/v2\/users\/2"}],"replies":[{"embeddable":true,"href":"https:\/\/santamariadelmar.es\/gl\/wp-json\/wp\/v2\/comments?post=9255"}],"version-history":[{"count":2,"href":"https:\/\/santamariadelmar.es\/gl\/wp-json\/wp\/v2\/posts\/9255\/revisions"}],"predecessor-version":[{"id":9399,"href":"https:\/\/santamariadelmar.es\/gl\/wp-json\/wp\/v2\/posts\/9255\/revisions\/9399"}],"wp:featuredmedia":[{"embeddable":true,"href":"https:\/\/santamariadelmar.es\/gl\/wp-json\/wp\/v2\/media\/9257"}],"wp:attachment":[{"href":"https:\/\/santamariadelmar.es\/gl\/wp-json\/wp\/v2\/media?parent=9255"}],"wp:term":[{"taxonomy":"category","embeddable":true,"href":"https:\/\/santamariadelmar.es\/gl\/wp-json\/wp\/v2\/categories?post=9255"},{"taxonomy":"post_tag","embeddable":true,"href":"https:\/\/santamariadelmar.es\/gl\/wp-json\/wp\/v2\/tags?post=9255"}],"curies":[{"name":"wp","href":"https:\/\/api.w.org\/{rel}","templated":true}]}}