{"id":9242,"date":"2026-03-06T17:00:00","date_gmt":"2026-03-06T16:00:00","guid":{"rendered":"https:\/\/santamariadelmar.es\/?p=9242"},"modified":"2026-03-26T09:17:53","modified_gmt":"2026-03-26T08:17:53","slug":"jornada-de-orientacion","status":"publish","type":"post","link":"https:\/\/santamariadelmar.es\/gl\/jornada-de-orientacion\/","title":{"rendered":"Jornada de Orientaci\u00f3n"},"content":{"rendered":"<p>El alumnado de 2\u00ba de Bachillerato tuvo hoy su Jornada de Orientaci\u00f3n, para poder afrontar de manera adecuada la decisi\u00f3n que les espera en breve, al acabar este curso.<\/p>\n\n\n\n<p>Parte del equipo de Recursos Humanos de Inditex, bajo el t\u00edtulo de Building a Career y compartiendo sus experiencias y sus trayectorias laborales, dieron el pistoletazo de salida a una jornada intensa, pero muy enriquecedora. En su charla hicieron hincapi\u00e9 en que no es necesario tener claro desde el principio qu\u00e9 hacer, y que puedes, para aclararlo, comentarlo con la gente que te conoce, contigo mismo, sabiendo lo que se te da bien y te gusta y tambi\u00e9n intentando entender lo que necesita el mundo. Durante la charla se habl\u00f3 de la importancia de atreverse a probar, seguir el instinto, asumir riesgos, que siempre hay segundas oportunidades\u2026 Tambi\u00e9n insistieron en que hay que aprovechar bien el tiempo, desarrollar habilidades, acumular experiencias profesionales e internacionales y trabajar en proyectos personales m\u00e1s all\u00e1 de los estudios formales.<\/p>\n\n\n\n<p>La jornada la cerr\u00f3 Pablo Portabales, periodista coru\u00f1\u00e9s, que comparti\u00f3 su experiencia de vivir la profesi\u00f3n con vocaci\u00f3n y de encontrar aquello que realmente apasiona. Fue una charla m\u00e1s distendida, en la que sac\u00f3 su faceta period\u00edstica a relucir con los chavales, pregunt\u00e1ndoles directamente por sus vocaciones, sus ideas y compartiendo consejos con ellos. Les insisti\u00f3 en que, si uno descubre su vocaci\u00f3n, merece la pena darle rienda suelta, porque la \u00fanica manera de hacer un gran trabajo es amar lo que se hace.<\/p>\n\n\n\n<p>Durante el d\u00eda, los chicos pudieron escoger a qu\u00e9 charlas ir entre una amplia selecci\u00f3n de charlas de salidas laborales, con profesionales de distintos sectores, pero eso lo veremos pr\u00f3ximamente, contado por los propios chicos. \ud83d\ude1c<\/p>\n\n\n\n<ul class=\"wp-block-social-links has-visible-labels is-content-justification-center is-layout-flex wp-container-core-social-links-is-layout-ac265fc9 wp-block-social-links-is-layout-flex\" style=\"margin-top:var(--wp--preset--spacing--50);margin-bottom:var(--wp--preset--spacing--40)\"><li class=\"wp-social-link wp-social-link-instagram  boton-insta wp-block-social-link\"><a rel=\"noopener nofollow\" target=\"_blank\" href=\"https:\/\/www.instagram.com\/p\/DVq0BDUjFHB\/?img_index=1\" class=\"wp-block-social-link-anchor\"><svg width=\"24\" height=\"24\" viewbox=\"0 0 24 24\" version=\"1.1\" xmlns=\"http:\/\/www.w3.org\/2000\/svg\" aria-hidden=\"true\" focusable=\"false\"><path d=\"M12,4.622c2.403,0,2.688,0.009,3.637,0.052c0.877,0.04,1.354,0.187,1.671,0.31c0.42,0.163,0.72,0.358,1.035,0.673 c0.315,0.315,0.51,0.615,0.673,1.035c0.123,0.317,0.27,0.794,0.31,1.671c0.043,0.949,0.052,1.234,0.052,3.637 s-0.009,2.688-0.052,3.637c-0.04,0.877-0.187,1.354-0.31,1.671c-0.163,0.42-0.358,0.72-0.673,1.035 c-0.315,0.315-0.615,0.51-1.035,0.673c-0.317,0.123-0.794,0.27-1.671,0.31c-0.949,0.043-1.233,0.052-3.637,0.052 s-2.688-0.009-3.637-0.052c-0.877-0.04-1.354-0.187-1.671-0.31c-0.42-0.163-0.72-0.358-1.035-0.673 c-0.315-0.315-0.51-0.615-0.673-1.035c-0.123-0.317-0.27-0.794-0.31-1.671C4.631,14.688,4.622,14.403,4.622,12 s0.009-2.688,0.052-3.637c0.04-0.877,0.187-1.354,0.31-1.671c0.163-0.42,0.358-0.72,0.673-1.035 c0.315-0.315,0.615-0.51,1.035-0.673c0.317-0.123,0.794-0.27,1.671-0.31C9.312,4.631,9.597,4.622,12,4.622 M12,3 C9.556,3,9.249,3.01,8.289,3.054C7.331,3.098,6.677,3.25,6.105,3.472C5.513,3.702,5.011,4.01,4.511,4.511 c-0.5,0.5-0.808,1.002-1.038,1.594C3.25,6.677,3.098,7.331,3.054,8.289C3.01,9.249,3,9.556,3,12c0,2.444,0.01,2.751,0.054,3.711 c0.044,0.958,0.196,1.612,0.418,2.185c0.23,0.592,0.538,1.094,1.038,1.594c0.5,0.5,1.002,0.808,1.594,1.038 c0.572,0.222,1.227,0.375,2.185,0.418C9.249,20.99,9.556,21,12,21s2.751-0.01,3.711-0.054c0.958-0.044,1.612-0.196,2.185-0.418 c0.592-0.23,1.094-0.538,1.594-1.038c0.5-0.5,0.808-1.002,1.038-1.594c0.222-0.572,0.375-1.227,0.418-2.185 C20.99,14.751,21,14.444,21,12s-0.01-2.751-0.054-3.711c-0.044-0.958-0.196-1.612-0.418-2.185c-0.23-0.592-0.538-1.094-1.038-1.594 c-0.5-0.5-1.002-0.808-1.594-1.038c-0.572-0.222-1.227-0.375-2.185-0.418C14.751,3.01,14.444,3,12,3L12,3z M12,7.378 c-2.552,0-4.622,2.069-4.622,4.622S9.448,16.622,12,16.622s4.622-2.069,4.622-4.622S14.552,7.378,12,7.378z M12,15 c-1.657,0-3-1.343-3-3s1.343-3,3-3s3,1.343,3,3S13.657,15,12,15z M16.804,6.116c-0.596,0-1.08,0.484-1.08,1.08 s0.484,1.08,1.08,1.08c0.596,0,1.08-0.484,1.08-1.08S17.401,6.116,16.804,6.116z\"><\/path><\/svg><span class=\"wp-block-social-link-label\">\u00a1M\u00e1s fotos en Instagram!<\/span><\/a><\/li><\/ul>","protected":false},"excerpt":{"rendered":"<p>El alumnado de 2\u00ba de Bachillerato tuvo hoy su Jornada de Orientaci\u00f3n, para poder afrontar de manera adecuada la decisi\u00f3n que les espera en breve, al acabar este curso. Parte [&hellip;]<\/p>\n","protected":false},"author":2,"featured_media":9244,"comment_status":"closed","ping_status":"closed","sticky":false,"template":"","format":"standard","meta":{"_EventAllDay":false,"_EventTimezone":"","_EventStartDate":"","_EventEndDate":"","_EventStartDateUTC":"","_EventEndDateUTC":"","_EventShowMap":false,"_EventShowMapLink":false,"_EventURL":"","_EventCost":"","_EventCostDescription":"","_EventCurrencySymbol":"","_EventCurrencyCode":"","_EventCurrencyPosition":"","_EventDateTimeSeparator":"","_EventTimeRangeSeparator":"","_EventOrganizerID":[],"_EventVenueID":[],"_OrganizerEmail":"","_OrganizerPhone":"","_OrganizerWebsite":"","_VenueAddress":"","_VenueCity":"","_VenueCountry":"","_VenueProvince":"","_VenueState":"","_VenueZip":"","_VenuePhone":"","_VenueURL":"","_VenueStateProvince":"","_VenueLat":"","_VenueLng":"","_VenueShowMap":false,"_VenueShowMapLink":false,"footnotes":""},"categories":[67,71,11,58,6,70],"tags":[],"class_list":["post-9242","post","type-post","status-publish","format-standard","has-post-thumbnail","hentry","category-6-accesible-para-todos","category-10-aprendizaje-de-por-vida","category-bachillerato","category-charla","category-destacadas","category-9-excelencia-humana"],"publishpress_future_workflow_manual_trigger":{"enabledWorkflows":[]},"_links":{"self":[{"href":"https:\/\/santamariadelmar.es\/gl\/wp-json\/wp\/v2\/posts\/9242","targetHints":{"allow":["GET"]}}],"collection":[{"href":"https:\/\/santamariadelmar.es\/gl\/wp-json\/wp\/v2\/posts"}],"about":[{"href":"https:\/\/santamariadelmar.es\/gl\/wp-json\/wp\/v2\/types\/post"}],"author":[{"embeddable":true,"href":"https:\/\/santamariadelmar.es\/gl\/wp-json\/wp\/v2\/users\/2"}],"replies":[{"embeddable":true,"href":"https:\/\/santamariadelmar.es\/gl\/wp-json\/wp\/v2\/comments?post=9242"}],"version-history":[{"count":2,"href":"https:\/\/santamariadelmar.es\/gl\/wp-json\/wp\/v2\/posts\/9242\/revisions"}],"predecessor-version":[{"id":9246,"href":"https:\/\/santamariadelmar.es\/gl\/wp-json\/wp\/v2\/posts\/9242\/revisions\/9246"}],"wp:featuredmedia":[{"embeddable":true,"href":"https:\/\/santamariadelmar.es\/gl\/wp-json\/wp\/v2\/media\/9244"}],"wp:attachment":[{"href":"https:\/\/santamariadelmar.es\/gl\/wp-json\/wp\/v2\/media?parent=9242"}],"wp:term":[{"taxonomy":"category","embeddable":true,"href":"https:\/\/santamariadelmar.es\/gl\/wp-json\/wp\/v2\/categories?post=9242"},{"taxonomy":"post_tag","embeddable":true,"href":"https:\/\/santamariadelmar.es\/gl\/wp-json\/wp\/v2\/tags?post=9242"}],"curies":[{"name":"wp","href":"https:\/\/api.w.org\/{rel}","templated":true}]}}